{"id":1103,"date":"2025-10-28T14:51:05","date_gmt":"2025-10-28T14:51:05","guid":{"rendered":"https:\/\/vucan.com.br\/index.php\/2025\/10\/28\/construcao-passiva-como-pode-reduzir-custos\/"},"modified":"2025-10-28T14:51:05","modified_gmt":"2025-10-28T14:51:05","slug":"construcao-passiva-como-pode-reduzir-custos","status":"publish","type":"post","link":"https:\/\/vucan.com.br\/index.php\/2025\/10\/28\/construcao-passiva-como-pode-reduzir-custos\/","title":{"rendered":"Constru\u00e7\u00e3o passiva: como pode reduzir custos?"},"content":{"rendered":"<p><a href=\"https:\/\/blog.lojavucan.com.br\/construcao-passiva\/\" title=\"Constru\u00e7\u00e3o passiva: como pode reduzir custos?\" rel=\"nofollow\"><img decoding=\"async\" width=\"150\" height=\"150\" src=\"https:\/\/blog.lojavucan.com.br\/wp-content\/uploads\/2025\/10\/construcao-passiva-150x150.jpg\" class=\"webfeedsFeaturedVisual wp-post-image\" alt=\"Imagem de uma casa ainda em constru\u00e7\u00e3o\" \/><\/a><\/p>\n<p>A constru\u00e7\u00e3o passiva tem ganhado cada vez mais espa\u00e7o como uma forma inteligente e sustent\u00e1vel de projetar e erguer edif\u00edcios. Al\u00e9m de ajudar o meio ambiente, ela tamb\u00e9m pode reduzir bastante os gastos de quem constr\u00f3i ou mora no im\u00f3vel.\u00a0<\/p>\n<p>Mas voc\u00ea sabe exatamente o que \u00e9 constru\u00e7\u00e3o passiva e como ela pode ajudar a economizar? Hoje vamos te explicar os conceitos b\u00e1sicos dessa t\u00e9cnica, os benef\u00edcios no dia a dia e mostrar como o planejamento desde o come\u00e7o da obra faz toda a diferen\u00e7a.\u00a0<\/p>\n<h2 class=\"wp-block-heading\"><strong>O que \u00e9 constru\u00e7\u00e3o passiva?<\/strong><\/h2>\n<p>Constru\u00e7\u00e3o passiva \u00e9 um conceito que valoriza o <strong>uso inteligente dos recursos naturais <\/strong>para garantir conforto t\u00e9rmico e qualidade do ar nos ambientes internos. O objetivo \u00e9 reduzir ao m\u00e1ximo a necessidade de equipamentos de climatiza\u00e7\u00e3o artificial, como ar-condicionado e aquecedores.<\/p>\n<p>Para isso, s\u00e3o aplicados princ\u00edpios como o isolamento t\u00e9rmico eficiente, a ventila\u00e7\u00e3o natural planejada, o aproveitamento da luz natural e o uso consciente de materiais e designs que aumentam a efici\u00eancia energ\u00e9tica.<\/p>\n<p>A ideia central \u00e9 permitir que o edif\u00edcio \u201crespire\u201d, utilizando a energia do sol e do vento para criar ambientes mais confort\u00e1veis, ao mesmo tempo em que diminui o consumo de energia e o impacto ambiental.<\/p>\n<p><a href=\"https:\/\/lojavucan.com.br\/\"><em>Quer saber como escolher os melhores impermeabilizantes para garantir o isolamento ideal da sua obra? Visite o site da VUCAN e conhe\u00e7a nossas solu\u00e7\u00f5es que protegem e valorizam seu projeto.<\/em><\/a><\/p>\n<h2 class=\"wp-block-heading\"><strong>Principais estrat\u00e9gias da constru\u00e7\u00e3o passiva<\/strong><\/h2>\n<h3 class=\"wp-block-heading\">A constru\u00e7\u00e3o passiva busca efici\u00eancia energ\u00e9tica e conforto t\u00e9rmico com o m\u00ednimo uso de recursos artificiais. Para que esse conceito funcione na pr\u00e1tica, \u00e9 preciso adotar algumas estrat\u00e9gias essenciais durante o projeto e a execu\u00e7\u00e3o da obra. Conhe\u00e7a, a seguir, as principais delas.<\/h3>\n<h3 class=\"wp-block-heading\"><strong>Isolamento t\u00e9rmico<\/strong><\/h3>\n<p>A constru\u00e7\u00e3o passiva proporciona isolamento t\u00e9rmico ajudando a manter a temperatura interna est\u00e1vel, evitando a troca excessiva de calor com o ambiente externo.<\/p>\n<p>Para isso, \u00e9 importante utilizar materiais que impe\u00e7am a entrada de umidade, como <a href=\"https:\/\/lojavucan.com.br\/produtos\/\"><strong>impermeabilizantes<\/strong><\/a> de qualidade, que tamb\u00e9m protegem a estrutura e mant\u00eam a efici\u00eancia t\u00e9rmica do im\u00f3vel.<\/p>\n<p>Al\u00e9m disso, o uso de revestimentos e mantas t\u00e9rmicas nas paredes, telhados e pisos contribui para essa prote\u00e7\u00e3o, criando uma barreira contra as varia\u00e7\u00f5es de temperatura.\u00a0<\/p>\n<p>Outro ponto fundamental \u00e9 garantir que janelas e portas tenham veda\u00e7\u00e3o adequada, para evitar vazamentos de ar que possam comprometer o conforto interno.<\/p>\n<p>Com essas medidas, o ambiente interno fica mais protegido contra o calor ou o frio excessivos, o que diminui a necessidade de usar aparelhos de ar-condicionado ou aquecedores, trazendo mais economia e conforto para quem vive ou trabalha no im\u00f3vel.<\/p>\n<h3 class=\"wp-block-heading\"><strong>Ventila\u00e7\u00e3o natural<\/strong><\/h3>\n<p>Planejar a ventila\u00e7\u00e3o natural \u00e9 fundamental para garantir ambientes mais frescos e saud\u00e1veis, sem depender tanto de aparelhos el\u00e9tricos. Para isso, \u00e9 importante posicionar janelas, portas e outras aberturas de maneira estrat\u00e9gica, favorecendo a circula\u00e7\u00e3o do ar.\u00a0<\/p>\n<p>Uma das t\u00e9cnicas mais eficientes \u00e9 a<strong> ventila\u00e7\u00e3o cruzada<\/strong>, que consiste em abrir janelas em lados opostos do im\u00f3vel para permitir a entrada e sa\u00edda do ar, criando uma corrente que refresca os ambientes naturalmente.<\/p>\n<p>Al\u00e9m de proporcionar conforto t\u00e9rmico, essa renova\u00e7\u00e3o constante do ar ajuda a eliminar odores e reduzir a concentra\u00e7\u00e3o de umidade e poluentes, melhorando a qualidade do ar interno.\u00a0<\/p>\n<p>Com a ventila\u00e7\u00e3o natural bem planejada, \u00e9 poss\u00edvel diminuir o uso de ventiladores, condicionadores de ar e outros equipamentos que consomem energia, o que representa uma boa redu\u00e7\u00e3o na conta de luz e um impacto ambiental menor.<\/p>\n<h3 class=\"wp-block-heading\"><strong>Ilumina\u00e7\u00e3o natural<\/strong><\/h3>\n<p>Aproveitar a luz do sol para iluminar os ambientes \u00e9 mais uma das estrat\u00e9gias mais utilizadas na constru\u00e7\u00e3o passiva.\u00a0<\/p>\n<p>Grandes janelas, claraboias e vidros especiais permitem que a luz natural entre em abund\u00e2ncia durante o dia, <strong>reduzindo a necessidade de ilumina\u00e7\u00e3o artificial<\/strong>. Isso significa menos consumo de energia el\u00e9trica e redu\u00e7\u00e3o de despesas no longo prazo.<\/p>\n<p>Al\u00e9m dos benef\u00edcios econ\u00f4micos, a ilumina\u00e7\u00e3o natural melhora diretamente o bem-estar das pessoas que utilizam o ambiente.<\/p>\n<p>Ambientes bem iluminados pela luz do dia ajudam a melhorar o humor, aumentar a concentra\u00e7\u00e3o e a produtividade, al\u00e9m de contribuir para a regula\u00e7\u00e3o do ciclo circadiano, o que pode melhorar a qualidade do sono e a sa\u00fade geral.\u00a0<\/p>\n<h2 class=\"wp-block-heading\"><strong>Exemplos de economia com constru\u00e7\u00e3o passiva<\/strong><\/h2>\n<p>Conforme mencionado, a constru\u00e7\u00e3o passiva \u00e9 reconhecida n\u00e3o apenas pela sua contribui\u00e7\u00e3o ambiental, mas tamb\u00e9m pelo impacto significativo que pode ter na <strong>redu\u00e7\u00e3o dos custos<\/strong> ao longo da vida \u00fatil do im\u00f3vel.\u00a0<\/p>\n<p>Um exemplo \u00e9 o <a href=\"https:\/\/use-metropolis-org.translate.goog\/case-studies\/sustainable-urban-district-vauban?_x_tr_sl=en&amp;_x_tr_tl=pt&amp;_x_tr_hl=pt&amp;_x_tr_pto=tc\" target=\"_blank\" rel=\"noopener\">Vauban District em Freiburg, na Alemanha<\/a>, um bairro constru\u00eddo quase inteiramente com casas passivas que apresentam alta efici\u00eancia t\u00e9rmica, resultando em contas de energia significativamente menores para seus moradores.<\/p>\n<p>Outro exemplo \u00e9 o <a href=\"https:\/\/living-future.org\/case-studies\/bullitt-center-2\/\" target=\"_blank\" rel=\"noopener\">Bullitt Center em Seattle<\/a>, considerado um dos edif\u00edcios comerciais mais sustent\u00e1veis do mundo. Ele utiliza isolamento t\u00e9rmico de alta performance, ventila\u00e7\u00e3o natural controlada e ilumina\u00e7\u00e3o natural otimizada, reduzindo drasticamente o uso de energia el\u00e9trica.\u00a0<\/p>\n<p>Segundo a organiza\u00e7\u00e3o que gerencia o edif\u00edcio, o consumo energ\u00e9tico \u00e9 cerca de 80% menor que um pr\u00e9dio comercial convencional.<\/p>\n<p>Esses exemplos demonstram que o planejamento desde o in\u00edcio do projeto \u00e9 fundamental. Decis\u00f5es tomadas na fase de concep\u00e7\u00e3o s\u00e3o determinantes para garantir a efici\u00eancia energ\u00e9tica e reduzir custos ao longo do tempo.<\/p>\n<p>Investir em constru\u00e7\u00e3o passiva significa, portanto, um gasto inicial que se paga com a redu\u00e7\u00e3o das despesas de energia, menor necessidade de <a href=\"https:\/\/blog.lojavucan.com.br\/a-importancia-da-manutencao-preventiva-em-sistemas-de-impermeabilizacao\/\">manuten\u00e7\u00e3o<\/a> e maior valoriza\u00e7\u00e3o do im\u00f3vel.\u00a0<\/p>\n<p>Al\u00e9m disso, esses projetos tendem a oferecer melhor conforto t\u00e9rmico e qualidade de vida para os ocupantes, mostrando que a sustentabilidade pode andar lado a lado com a economia.<\/p>\n<h2 class=\"wp-block-heading\"><strong>Constru\u00e7\u00e3o passiva: investimento que vale a pena<\/strong><\/h2>\n<p>A constru\u00e7\u00e3o passiva \u00e9 muito mais do que uma tend\u00eancia sustent\u00e1vel, \u00e9 uma estrat\u00e9gia comprovada para diminuir gastos e aumentar o conforto em qualquer tipo de im\u00f3vel.\u00a0<\/p>\n<p>Ao investir em planejamento desde as primeiras etapas do projeto, \u00e9 poss\u00edvel aplicar solu\u00e7\u00f5es simples e eficientes como o isolamento t\u00e9rmico adequado, a ventila\u00e7\u00e3o natural bem posicionada e o uso inteligente da ilumina\u00e7\u00e3o natural.<\/p>\n<p>Esses cuidados minimizam a depend\u00eancia de equipamentos el\u00e9tricos para climatiza\u00e7\u00e3o e ilumina\u00e7\u00e3o, resultando em boa economia na conta de energia ao longo dos anos.<\/p>\n<p>Al\u00e9m disso, essa forma de construir valoriza o im\u00f3vel, reduz a necessidade de manuten\u00e7\u00e3o e contribui para um ambiente interno mais saud\u00e1vel.<\/p>\n<p>Quer garantir o isolamento t\u00e9rmico ideal e proteger seu projeto contra umidade e infiltra\u00e7\u00f5es? <a href=\"https:\/\/lojavucan.com.br\/produtos\/\"><strong>Conhe\u00e7a os impermeabilizantes de alta qualidade da VUCAN<\/strong><\/a>.<\/p>","protected":false},"excerpt":{"rendered":"<p>A constru\u00e7\u00e3o passiva tem ganhado cada vez mais espa\u00e7o como uma forma inteligente e sustent\u00e1vel de projetar e erguer edif\u00edcios. [&hellip;]<\/p>\n","protected":false},"author":1,"featured_media":0,"comment_status":"open","ping_status":"open","sticky":false,"template":"","format":"standard","meta":{"site-sidebar-layout":"default","site-content-layout":"","ast-site-content-layout":"","site-content-style":"default","site-sidebar-style":"default","ast-global-header-display":"","ast-banner-title-visibility":"","ast-main-header-display":"","ast-hfb-above-header-display":"","ast-hfb-below-header-display":"","ast-hfb-mobile-header-display":"","site-post-title":"","ast-breadcrumbs-content":"","ast-featured-img":"","footer-sml-layout":"","theme-transparent-header-meta":"","adv-header-id-meta":"","stick-header-meta":"","header-above-stick-meta":"","header-main-stick-meta":"","header-below-stick-meta":"","astra-migrate-meta-layouts":"default","ast-page-background-enabled":"default","ast-page-background-meta":{"desktop":{"background-color":"var(--ast-global-color-4)","background-image":"","background-repeat":"repeat","background-position":"center center","background-size":"auto","background-attachment":"scroll","background-type":"","background-media":"","overlay-type":"","overlay-color":"","overlay-opacity":"","overlay-gradient":""},"tablet":{"background-color":"","background-image":"","background-repeat":"repeat","background-position":"center center","background-size":"auto","background-attachment":"scroll","background-type":"","background-media":"","overlay-type":"","overlay-color":"","overlay-opacity":"","overlay-gradient":""},"mobile":{"background-color":"","background-image":"","background-repeat":"repeat","background-position":"center center","background-size":"auto","background-attachment":"scroll","background-type":"","background-media":"","overlay-type":"","overlay-color":"","overlay-opacity":"","overlay-gradient":""}},"ast-content-background-meta":{"desktop":{"background-color":"var(--ast-global-color-5)","background-image":"","background-repeat":"repeat","background-position":"center center","background-size":"auto","background-attachment":"scroll","background-type":"","background-media":"","overlay-type":"","overlay-color":"","overlay-opacity":"","overlay-gradient":""},"tablet":{"background-color":"var(--ast-global-color-5)","background-image":"","background-repeat":"repeat","background-position":"center center","background-size":"auto","background-attachment":"scroll","background-type":"","background-media":"","overlay-type":"","overlay-color":"","overlay-opacity":"","overlay-gradient":""},"mobile":{"background-color":"var(--ast-global-color-5)","background-image":"","background-repeat":"repeat","background-position":"center center","background-size":"auto","background-attachment":"scroll","background-type":"","background-media":"","overlay-type":"","overlay-color":"","overlay-opacity":"","overlay-gradient":""}},"footnotes":""},"categories":[1],"tags":[],"class_list":["post-1103","post","type-post","status-publish","format-standard","hentry","category-uncategorized"],"_links":{"self":[{"href":"https:\/\/vucan.com.br\/index.php\/wp-json\/wp\/v2\/posts\/1103","targetHints":{"allow":["GET"]}}],"collection":[{"href":"https:\/\/vucan.com.br\/index.php\/wp-json\/wp\/v2\/posts"}],"about":[{"href":"https:\/\/vucan.com.br\/index.php\/wp-json\/wp\/v2\/types\/post"}],"author":[{"embeddable":true,"href":"https:\/\/vucan.com.br\/index.php\/wp-json\/wp\/v2\/users\/1"}],"replies":[{"embeddable":true,"href":"https:\/\/vucan.com.br\/index.php\/wp-json\/wp\/v2\/comments?post=1103"}],"version-history":[{"count":0,"href":"https:\/\/vucan.com.br\/index.php\/wp-json\/wp\/v2\/posts\/1103\/revisions"}],"wp:attachment":[{"href":"https:\/\/vucan.com.br\/index.php\/wp-json\/wp\/v2\/media?parent=1103"}],"wp:term":[{"taxonomy":"category","embeddable":true,"href":"https:\/\/vucan.com.br\/index.php\/wp-json\/wp\/v2\/categories?post=1103"},{"taxonomy":"post_tag","embeddable":true,"href":"https:\/\/vucan.com.br\/index.php\/wp-json\/wp\/v2\/tags?post=1103"}],"curies":[{"name":"wp","href":"https:\/\/api.w.org\/{rel}","templated":true}]}}